{"id":108786,"date":"2021-04-16T08:12:04","date_gmt":"2021-04-16T06:12:04","guid":{"rendered":"https:\/\/mannschaft.com\/?p=108786"},"modified":"2021-04-19T20:31:57","modified_gmt":"2021-04-19T18:31:57","slug":"wegen-regenbogenfahne-mit-solchen-hasskommentaren-haben-wir-nicht-gerechnet","status":"publish","type":"post","link":"https:\/\/alte.mannschaft.lgbt\/bimber\/wegen-regenbogenfahne-mit-solchen-hasskommentaren-haben-wir-nicht-gerechnet\/","title":{"rendered":"\u00abMit solchen Hasskommentaren haben wir nicht gerechnet\u00bb"},"content":{"rendered":"<h3>An vielen Orten in Vorarlberg weht die Regenbogenfahne: Vor Kirchen und in St\u00e4dten und Gemeinde, aber auch bei zahlreichen Privatpersonen. Sie sind Zeichen der Solidarit\u00e4t mit LGBTIQ. Auch ein Gasthaus in Alberschwende zog mit und erntete viel Hass \u2013 aber noch mehr Solidarit\u00e4t.<\/h3>\n<p>Das Gasthaus <a href=\"https:\/\/www.alberschwende.at\/Gasthaus_Sonne\" target=\"_blank\" rel=\"noopener\">\u00abSonne\u00bb in Alberschwende<\/a> hisste die Regenbogenfahne am Osterwochende. Anlass war, dass die vatikanische Glaubenskongregation ein Segnungsverbot f\u00fcr homosexuelle Paare ausgesprochen hat <a href=\"https:\/\/mannschaft.com\/vatikan-verbietet-segensfeiern-fuer-gleichgeschlechtliche-paare\/\" target=\"_blank\" rel=\"noopener\">(MANNSCHAFT berichtete)<\/a>.<\/p>\n<p>\u00abBei den Kirchen in Hard und Feldkirch (Vorarlberg) wurden als Zeichen der Toleranz Regenbogenfahnen aufgeh\u00e4ngt, die allerdings von Unbekannten niedergebrannt wurden <a href=\"https:\/\/mannschaft.com\/gegen-den-vatikan-viele-kirchen-zeigen-solidaritaet-mit-lgbtiq\/\" target=\"_blank\" rel=\"noopener\">(MANNSCHAFT berichtete)<\/a>. In Reaktion darauf hat sich in ganz Vorarlberg eine Solidarit\u00e4tsbewegung formiert, und viele Private, aber auch Kommunen, haben mit dem Aufh\u00e4ngen von Regenbogenfahnen Solidarit\u00e4t mit der LGBTIQ-Community gezeigt\u00bb, so der Wirt Gerold Ne\u00dfler\u00a0 gegen\u00fcber MANNSCHAFT.<\/p>\n<p>\u00abDaher dachten wir uns, dass gerade auch ein Gasthaus Gastfreundschaft signalisieren: Unser Gasthaus ist f\u00fcr alle da! Meine Tochter Barbara, die Nationalratsabgeordnete bei den Gr\u00fcnen ist, hat uns dann best\u00e4rkt und die Regenbogenfahne organisiert. Am Ostersonntag, dem h\u00f6chsten kirchlichen Feiertag, haben wir sie dann gemeinsam aufgeh\u00e4ngt.\u00bb<\/p>\n<p>Ne\u00dfler erntete daf\u00fcr viel Schm\u00e4hungen und Hass. Barbara Ne\u00dfler machte sie via Facebook und Twitter \u00f6ffentlich.<\/p>\n<blockquote class=\"twitter-tweet\">\n<p dir=\"ltr\" lang=\"de\">Kleine Auswahl an Kommentaren auf <a href=\"https:\/\/t.co\/1uMsq7N1Ty\">https:\/\/t.co\/1uMsq7N1Ty<\/a>, weil meine Eltern bei ihrem Gasthof eine Regenbogenfahne gehisst haben. Eine Mischung von Hass und Dummheit! <a href=\"https:\/\/t.co\/Q2XTMr3o03\">pic.twitter.com\/Q2XTMr3o03<\/a><\/p>\n<p>\u2014 Barbara Ne\u00dfler (@BarbaraNessler) <a href=\"https:\/\/twitter.com\/BarbaraNessler\/status\/1381187484961419271?ref_src=twsrc%5Etfw\">April 11, 2021<\/a><\/p><\/blockquote>\n<p><script async src=\"https:\/\/platform.twitter.com\/widgets.js\" charset=\"utf-8\"><\/script><\/p>\n<p>Es gab Drohungen, das Lokal zu meiden und Hasskommentare, erz\u00e4hlt der Gastwirt. \u00abNat\u00fcrlich war das f\u00fcr uns nicht angenehm. Aufrufe, nicht mehr in unser Gasthaus zu kommen, kann f\u00fcr uns als Gastronomen unsere wirtschaftliche Existenz ernsthaft bedrohen.\u00bb<\/p>\n<p>Viele Kommentare unter dem Artikel, in dem \u00fcber die Aktion berichtet wurde, seien diskriminierend gewiesen und liessen die Ne\u00dflers teils sprachlos zur\u00fcck. \u00abMit solchen Hasskommentaren haben wir nicht gerechnet. 2021 sollte das doch schon lange kein Thema mehr sein\u00bb, so der Wirt.<\/p>\n<p>Das Portal <em>vol.at<\/em> reagierte und sperrte die Kommentarfunktion nach Hunderten Kommentaren, darunter unz\u00e4hlige negativ. Und dann begann eine grosse Welle der Solidarit\u00e4t. \u00abAls meine Tochter einige der Hasskommentare publik gemacht hat, kamen \u00fcber die Sozialen Medien Tausende positive Reaktionen, viele davon auch aus dem Ausland. Was uns sehr best\u00e4rkt hat\u00bb, sagt Ne\u00dfler.<\/p>\n<p>In Vorarlberg ist die Gastronomie seit einigen Wochen, unter strengen Hygienemassnahmen, wieder ge\u00f6ffnet. Zur Buchungslage sagt Ne\u00dfler: \u00abDa wir nur am Wochenende ge\u00f6ffnet haben und unsere Aktion erst in den vergangenen Tagen richtig &#8218;hochgekocht&#8216; ist, kann ich \u00fcber etwaige Auswirkungen auf den Besuch noch nichts sagen. Aber es gab sehr, sehr viele Menschen, die \u00fcber Facebook und Twitter angek\u00fcndigt haben, jetzt erst recht kommen zu wollen \u2013 sogar aus Deutschland, der Schweiz und Tschechien.\u00bb<\/p>\n","protected":false},"excerpt":{"rendered":"<p>An vielen Orten in #Vorarlberg wehen #Regenbogenfahnen als Zeichen der Solidarit\u00e4t mit #LGBTIQ. Auch ein Gasthaus in #M\u00fcselbach zog mit und erntete viel #Hass \u2013 aber noch mehr Solidarit\u00e4t. (MANNSCHAFT+) <a class=\"g1-link g1-link-more\" href=\"https:\/\/alte.mannschaft.lgbt\/bimber\/wegen-regenbogenfahne-mit-solchen-hasskommentaren-haben-wir-nicht-gerechnet\/\">Weiterlesen<\/a><\/p>\n","protected":false},"author":3,"featured_media":108788,"comment_status":"closed","ping_status":"closed","sticky":false,"template":"","format":"standard","meta":[],"categories":[4371,2527],"tags":[5531,5461,5511,4944],"wps_subtitle":"Die Idee war, als Gasthaus auch Gastfreundschaft f\u00fcr LGBTIQ zu signalisieren","_links":{"self":[{"href":"https:\/\/alte.mannschaft.lgbt\/bimber\/wp-json\/wp\/v2\/posts\/108786"}],"collection":[{"href":"https:\/\/alte.mannschaft.lgbt\/bimber\/wp-json\/wp\/v2\/posts"}],"about":[{"href":"https:\/\/alte.mannschaft.lgbt\/bimber\/wp-json\/wp\/v2\/types\/post"}],"author":[{"embeddable":true,"href":"https:\/\/alte.mannschaft.lgbt\/bimber\/wp-json\/wp\/v2\/users\/3"}],"replies":[{"embeddable":true,"href":"https:\/\/alte.mannschaft.lgbt\/bimber\/wp-json\/wp\/v2\/comments?post=108786"}],"version-history":[{"count":0,"href":"https:\/\/alte.mannschaft.lgbt\/bimber\/wp-json\/wp\/v2\/posts\/108786\/revisions"}],"wp:featuredmedia":[{"embeddable":true,"href":"https:\/\/alte.mannschaft.lgbt\/bimber\/wp-json\/wp\/v2\/media\/108788"}],"wp:attachment":[{"href":"https:\/\/alte.mannschaft.lgbt\/bimber\/wp-json\/wp\/v2\/media?parent=108786"}],"wp:term":[{"taxonomy":"category","embeddable":true,"href":"https:\/\/alte.mannschaft.lgbt\/bimber\/wp-json\/wp\/v2\/categories?post=108786"},{"taxonomy":"post_tag","embeddable":true,"href":"https:\/\/alte.mannschaft.lgbt\/bimber\/wp-json\/wp\/v2\/tags?post=108786"}],"curies":[{"name":"wp","href":"https:\/\/api.w.org\/{rel}","templated":true}]}}