{"id":107427,"date":"2021-03-26T08:30:39","date_gmt":"2021-03-26T07:30:39","guid":{"rendered":"https:\/\/mannschaft.com\/?p=107427"},"modified":"2021-03-26T15:33:11","modified_gmt":"2021-03-26T14:33:11","slug":"https-mannschaft-com-lgbtiq-news-aus-deutschland-kurz-knapp-queer13","status":"publish","type":"post","link":"https:\/\/alte.mannschaft.lgbt\/bimber\/https-mannschaft-com-lgbtiq-news-aus-deutschland-kurz-knapp-queer13\/","title":{"rendered":"++ Neues Gesetz sch\u00fctzt inter Kinder ++Lesbische Regenbogenfamilien gleichstellen! ++"},"content":{"rendered":"<h3>F\u00fcr den schnellen \u00dcberblick: Unsere LGBTIQ News aus Deutschland ab dem 24. M\u00e4rz 2021!<\/h3>\n<h3>++ Gesetz zum Schutz von inter Kindern beschlossen ++<\/h3>\n<p>Am Freitag verabschiedete der Bundestag das Gesetz zum Schutz von Kindern mit Varianten der Geschlechtsentwicklung. Durch das Gesetz sind Operationen und Behandlungen an inter Kindern verboten, wenn sie nur der Angleichung an ein weibliches oder m\u00e4nnliches Normgeschlecht dienen sollen. Sofern ein weiterer Grund hinzukommt, k\u00f6nnen Operationen durch ein gerichtliches Verfahren erlaubt werden.<\/p>\n<p>Die Verabschiedung des Gesetzes ist ein weiterer Meilenstein hin zur Anerkennung von inter Leben in Deutschland, so der Bundesverband Intergeschlechtliche Menschen e.V.. Die Signalwirkung seieindeutig: Eingriffe d\u00fcrfen nur nach der informierten Einwilligung der Person selbst erfolgen oder m\u00fcssen gerichtlich genehmigt werden. Dennoch weise das Gesetz einige Schwachstellen auf. Auch das von mehreren Expert*innen geforderte bundesweite Zentralregister zur Aufbewahrung der Patient*innenakten wurde aus Zeitgr\u00fcnden nicht eingef\u00fchrt, so der Verein.<\/p>\n<h3>++ Lesbische Regenbogenfamilien gleichstellen! ++<\/h3>\n<p>Mit einem Entschliessungsantrag will das Land Berlin an diesem Freitag im Bundesrat darauf hinwirken, dass die grundgesetzwidrige Ungleichbehandlung von Zwei-M\u00fctter-Familien aufgehoben wird. Demnach soll der Bundesrat die Bundesregierung auffordern, \u00abdaf\u00fcr Sorge zu tragen, dass die bisher geltende rechtliche Definition der Mutterschaft in Anlehnung an \u00a7 1592 BGB, dahingehend erweitert wird, dass die Ehefrau der geb\u00e4renden Frau rechtliche Mutter eines Kindes werden kann. Ebenso muss es m\u00f6glich sein, dass diese Form der Mutterschaft mit Zustimmung der geb\u00e4renden Mutter anerkannt und dass sie auf Antrag des Kindes, der geb\u00e4renden Mutter oder der nicht mit der Mutter verheirateten Frau gerichtlich festgestellt werden kann\u00bb.<\/p>\n<p>Der LSVD begr\u00fcsst diesen Vorstoss: \u00abDie Bundesratsinitiative ist ein guter Ausgangspunkt f\u00fcr eine umfassende Reform des Abstammungsrechts zur rechtlichen Gleichstellung aller queeren Familien.\u00bb<\/p>\n<h3>++ Zwei-M\u00fctter-Familien: weiterer Fall f\u00fcr Karlsruhe ++<\/h3>\n<p>Auch das Berliner Kammergericht h\u00e4lt die abstammungsrechtlichen Regelungen in Bezug auf Zwei-M\u00fctter-Familien f\u00fcr verfassungswidrig und legt einen weiteren Fall dem Bundesverfassungsgericht (BVerfG) vor. Dazu Britta Ha\u00dfelmann MdB, Erste Parlamentarische Gesch\u00e4ftsf\u00fchrerin und Ulle Schauws MdB, Sprecherin f\u00fcr Queerpolitik der gr\u00fcnen Bundestagsfraktion, man sei bereit, gemeinsam mit Abgeordneten anderer demokratischer Fraktionen einen neuen Gesetzentwurf zum Abstammungsrecht zu erarbeiten.<\/p>\n<p>\u00abUnion und SPD rufen wir zur Mitarbeit auf, damit das Ende der Diskriminierung von Regenbogenfamilien endlich Realit\u00e4t wird. Bereits bei der Ehe f\u00fcr Alle wurden ermutigende Erfahrungen zur fraktions\u00fcbergreifenden Zusammenarbeit gemacht.\u00bb Dass nun bereits nach dem Fall aus Niedersachsen <a href=\"https:\/\/mannschaft.com\/urteil-regelung-zu-lesbischen-muettern-ist-verfassungswidrig\/\" target=\"_blank\" rel=\"noopener\">(MANNSCHAFT berichtete)<\/a> das zweite Gericht die abstammungsrechtlichen Regelungen in Bezug auf Zwei-M\u00fctter-Familien f\u00fcr verfassungswidrig h\u00e4lt, zeige, wie gross der politische Handlungsdruck sei.<\/p>\n<h3>++ Kritik an Gesetzentwurf zu inter Kindern ++<\/h3>\n<p>Am Donnerstagabend stimmt der Bundestag \u00fcber das von der Bundesregierung vorgelegte \u00abGesetz zum Schutz von Kindern mit Varianten der Geschlechtsentwicklung\u00bb ab. F\u00fcr\u00a0 Sven Lehmann, Sprecher f\u00fcr Queerpolitik der Gr\u00fcnen Bundestagsfraktion, ist das Gesetz \u00abeine grosse Entt\u00e4uschung\u00bb. Er missachte das Selbstbestimmungsrecht der Kinder und lege die Entscheidung \u00fcber ihren K\u00f6rper weiterhin in die H\u00e4nde der Erwachsenen. Auch in F\u00e4llen ohne medizinische Indikation.<\/p>\n<p>\u00abDer Gesetzentwurf enth\u00e4lt zu viele L\u00fccken, die in der Anh\u00f6rung der Sachverst\u00e4ndigen im Januar auch deutlich kritisiert wurden. Die Bundesregierung hat diese Kriktik von den Sachverst\u00e4ndigen an ihrem Gesetzentwurf geh\u00f6rt.\u00bb Sie habe sie wohl auch verstanden, davon aber so gut wie nichts in ihrem Gesetzentwurf untergebracht, so Lehmann<\/p>\n<h3>++ B\u00e4tzing kritisiert Segnungsverbot f\u00fcr Homosexuelle ++<\/h3>\n<figure id=\"attachment_107470\" aria-describedby=\"caption-attachment-107470\" style=\"width: 900px\" class=\"wp-caption alignnone\"><a href=\"https:\/\/mannschaft.com\/bimber\/wp-content\/uploads\/2021\/03\/Georg-Ba\u0308tzing_dpa-e1616596942389.jpg\"><img data-expand=\"600\" decoding=\"async\" loading=\"lazy\" class=\"lazyload size-full wp-image-107470\" src=\"data:image\/svg+xml;charset=utf-8,%3Csvg xmlns%3D'http%3A%2F%2Fwww.w3.org%2F2000%2Fsvg' viewBox%3D'0 0 900 600'%2F%3E\" data-src=\"https:\/\/mannschaft.com\/bimber\/wp-content\/uploads\/2021\/03\/Georg-Ba\u0308tzing_dpa-e1616596942389.jpg\" alt=\"LGBTIQ News\" width=\"900\" height=\"600\" \/><\/a><figcaption id=\"caption-attachment-107470\" class=\"wp-caption-text\">Kardinal Georg B\u00e4tzing (Foto: Sascha Steinbach\/EPA POOL\/dpa)<\/figcaption><\/figure>\n<p>Der Vorsitzende der Deutschen Bischofskonferenz, Georg B\u00e4tzing, hat das Segnungsverbot des Vatikans f\u00fcr homosexuelle Paare deutlich kritisiert. Er k\u00f6nne das Unverst\u00e4ndnis der Gl\u00e4ubigen verstehen \u00abund teile es ausdr\u00fccklich\u00bb, sagte B\u00e4tzing in einem Interview auf der Website seines Limburger Bistums. Der Vatikan hatte in der vergangenen Woche erkl\u00e4rt, dass homosexuelle Paare nicht gesegnet werden d\u00fcrften, weil dies \u00abobjektiv\u00bb nicht Gottes Wille sei <a href=\"https:\/\/mannschaft.com\/vatikan-verbietet-segensfeiern-fuer-gleichgeschlechtliche-paare\/\" target=\"_blank\" rel=\"noopener\">(MANNSCHAFT berichtete)<\/a>. Dies hat in der katholischen Kirche in Deutschland einen Proteststurm entfacht. B\u00e4tzing hatte sich am Tag der Erkl\u00e4rung zun\u00e4chst noch zur\u00fcckhaltend ge\u00e4ussert, legte jetzt aber nach.<\/p>\n<p>\u00abGl\u00e4ubige in der Kirche akzeptieren allzu einfache Antworten nicht mehr und fordern Ver\u00e4nderungen\u00bb, stellte der als Reformer und Br\u00fcckenbauer bekannte Bischof von Limburg klar. \u00abEin Dokument, das sich in seiner Argumentation so eklatant einem Erkenntnisfortschritt theologischer und humanwissenschaftlicher Art verschliesst, wird dazu f\u00fchren, dass die pastorale Praxis dar\u00fcber hinweggehen wird.\u00bb Die Glaubenskongregation w\u00fcrde besser daran tun, in der Weltkirche einen Diskussionsprozess in Gang zu setzen, so B\u00e4tzing.<\/p>\n<h3>++ Dresden: Mordprozess ab 12. April ++<\/h3>\n<figure id=\"attachment_96987\" aria-describedby=\"caption-attachment-96987\" style=\"width: 1164px\" class=\"wp-caption alignnone\"><a href=\"https:\/\/mannschaft.com\/bimber\/wp-content\/uploads\/2020\/11\/dresden-anschlag-e1605969326598.jpg\"><img data-expand=\"600\" decoding=\"async\" loading=\"lazy\" class=\"lazyload size-full wp-image-96987\" src=\"data:image\/svg+xml;charset=utf-8,%3Csvg xmlns%3D'http%3A%2F%2Fwww.w3.org%2F2000%2Fsvg' viewBox%3D'0 0 1164 723'%2F%3E\" data-src=\"https:\/\/mannschaft.com\/bimber\/wp-content\/uploads\/2020\/11\/dresden-anschlag-e1605969326598.jpg\" alt=\"Dresden\" width=\"1164\" height=\"723\" \/><\/a><figcaption id=\"caption-attachment-96987\" class=\"wp-caption-text\">Foto: CSD Dresden<\/figcaption><\/figure>\n<p>Ein halbes Jahr nach der Messerattacke auf ein schwules Paar in Dresden muss sich der Tatverd\u00e4chtige unter anderem wegen Mordes am Oberlandesgericht (OLG) verantworten. Der Prozess am Staatsschutzsenat beginnt nach Angaben vom Dienstag am 12. April, bis Ende Mai sind zun\u00e4chst elf weitere Verhandlungstermine geplant. Der Generalbundesanwalt wirft dem Mann zudem versuchten Mord und gef\u00e4hrliche K\u00f6rperverletzung vor.<\/p>\n<p>Der 21-J\u00e4hrige aus Syrien wird beschuldigt, am 4. Oktober die beiden M\u00e4nner aus Nordrhein-Westfalen in der Altstadt angegriffen und \u00abaus einer radikal-islamistischen Gesinnung\u00bb heraus niedergestochen zu haben. Ein 55-J\u00e4hriger aus Krefeld war kurz darauf im Krankenhaus gestorben, sein 53-j\u00e4hriger Partner aus K\u00f6ln \u00fcberlebte schwer verletzt <a href=\"https:\/\/mannschaft.com\/messerattacke-in-dresden-ein-akt-der-schlimmsten-nur-denkbaren-homophobie\/\" target=\"_blank\" rel=\"noopener\">(MANNSCHAFT berichtete)<\/a>.<\/p>\n<h3>++ Mord an schwulem Pfarrer wird verhandelt ++<\/h3>\n<figure id=\"attachment_90683\" aria-describedby=\"caption-attachment-90683\" style=\"width: 679px\" class=\"wp-caption alignnone\"><a href=\"https:\/\/mannschaft.com\/bimber\/wp-content\/uploads\/2020\/09\/956096a-e1599048647183.jpg\"><img data-expand=\"600\" decoding=\"async\" loading=\"lazy\" class=\"lazyload size-full wp-image-90683\" src=\"data:image\/svg+xml;charset=utf-8,%3Csvg xmlns%3D'http%3A%2F%2Fwww.w3.org%2F2000%2Fsvg' viewBox%3D'0 0 679 434'%2F%3E\" data-src=\"https:\/\/mannschaft.com\/bimber\/wp-content\/uploads\/2020\/09\/956096a-e1599048647183.jpg\" alt=\"Reinhold Zuber\" width=\"679\" height=\"434\" data-srcset=\"https:\/\/alte.mannschaft.lgbt\/bimber\/wp-content\/uploads\/2020\/09\/956096a-e1599048647183.jpg 679w, https:\/\/alte.mannschaft.lgbt\/bimber\/wp-content\/uploads\/2020\/09\/956096a-e1599048647183-300x192.jpg 300w, https:\/\/alte.mannschaft.lgbt\/bimber\/wp-content\/uploads\/2020\/09\/956096a-e1599048647183-425x272.jpg 425w, https:\/\/alte.mannschaft.lgbt\/bimber\/wp-content\/uploads\/2020\/09\/956096a-e1599048647183-561x359.jpg 561w, https:\/\/alte.mannschaft.lgbt\/bimber\/wp-content\/uploads\/2020\/09\/956096a-e1599048647183-364x233.jpg 364w, https:\/\/alte.mannschaft.lgbt\/bimber\/wp-content\/uploads\/2020\/09\/956096a-e1599048647183-608x389.jpg 608w, https:\/\/alte.mannschaft.lgbt\/bimber\/wp-content\/uploads\/2020\/09\/956096a-e1599048647183-75x48.jpg 75w, https:\/\/alte.mannschaft.lgbt\/bimber\/wp-content\/uploads\/2020\/09\/956096a-e1599048647183-150x96.jpg 150w, https:\/\/alte.mannschaft.lgbt\/bimber\/wp-content\/uploads\/2020\/09\/956096a-e1599048647183-313x200.jpg 313w, https:\/\/alte.mannschaft.lgbt\/bimber\/wp-content\/uploads\/2020\/09\/956096a-e1599048647183-400x256.jpg 400w\" data-sizes=\"(max-width: 679px) 100vw, 679px\" \/><\/a><figcaption id=\"caption-attachment-90683\" class=\"wp-caption-text\">Reinhold Zuber (Foto: Polizei Berlin)<\/figcaption><\/figure>\n<p>Am 4. Juli 2020 wurde der schwule Pfarrer Reinhold Zuber tot in seiner Wohnung in Berlin aufgefunden. Die Anklage geht von Mord aus <a href=\"https:\/\/mannschaft.com\/reinhold-zuber-nach-mord-an-schwulem-pastor-polizei-sucht-zeugen\/\" target=\"_blank\" rel=\"noopener\">(MANNSCHAFT berichtete).\u00a0<\/a>Der 77-J\u00e4hrige hatte die T\u00e4ter offenbar arglos in seine Wohnung gelassen.<\/p>\n<p>Nun m\u00fcssen sich zwei M\u00e4nner f\u00fcr ihre Tat verantworten. Laut <em>B.Z. <\/em>beginnt der Prozess am 8. April vor dem Berliner Landgericht.<\/p>\n<h3>++ Anh\u00f6rung zum Blutspendeverbot f\u00fcr MSM ++<\/h3>\n<p>Am Mittwoch findet im Gesundheitsausschuss die Anh\u00f6rung zu den Antr\u00e4gen der FDP-Fraktion und der Fraktion B\u00fcndnis 90\/ Die Gr\u00fcnen zur Abschaffung des Blutspendeverbots f\u00fcr schwule und bisexuelle M\u00e4nner statt. Dazu Jens Brandenburg, LGBTI-politischer Sprecher der FDP-Bundestagsfraktion: \u00abDas Blutspendeverbot f\u00fcr homo- und bisexuelle M\u00e4nner geh\u00f6rt endlich abgeschafft. Es stigmatisiert schwule M\u00e4nner und versch\u00e4rft die ohnehin schon akute Knappheit an Blutkonserven. F\u00fcr die Sicherheit der Blutspenden ist nicht die sexuelle Identit\u00e4t der Spender entscheidend, sondern tats\u00e4chliches Risikoverhalten.\u00bb Ein Jahr verpflichtende Enthaltsamkeit sei v\u00f6llig \u00fcberzogen und medizinisch unn\u00f6tig.<\/p>\n<p>Eine \u00fcberzeugende wissenschaftliche Erkl\u00e4rung f\u00fcr den diskriminierenden Ausschluss bleibe die Bundes\u00e4rztekammer bis heute schuldig. \u00abDie Lockerung des Blutspendeverbots hat in anderen L\u00e4ndern nachweisbar nicht zu h\u00f6heren Infektionsrisiken gef\u00fchrt. Das sollten endlich alle zur Kenntnis nehmen, die sich immer vage hinter angeblichen Notwendigkeiten verstecken. Jahrzehntelang gepflegte Vorurteile m\u00fcssen jetzt endlich objektiven Erkenntnissen weichen\u00bb, so Brandenburg. <em>(mit dpa)<\/em><\/p>\n","protected":false},"excerpt":{"rendered":"<p>F\u00fcr den schnellen \u00dcberblick: Unsere #LGBTIQ News aus Deutschland ++ #Dresden: Mordprozess ab 12. April ++ Anh\u00f6rung zum #Blutspendeverbot++ <a class=\"g1-link g1-link-more\" href=\"https:\/\/alte.mannschaft.lgbt\/bimber\/https-mannschaft-com-lgbtiq-news-aus-deutschland-kurz-knapp-queer13\/\">Weiterlesen<\/a><\/p>\n","protected":false},"author":1,"featured_media":53016,"comment_status":"closed","ping_status":"closed","sticky":false,"template":"","format":"standard","meta":[],"categories":[3],"tags":[128,5466,5501],"wps_subtitle":"Die LGBTIQ News: kurz, knapp, queer","_links":{"self":[{"href":"https:\/\/alte.mannschaft.lgbt\/bimber\/wp-json\/wp\/v2\/posts\/107427"}],"collection":[{"href":"https:\/\/alte.mannschaft.lgbt\/bimber\/wp-json\/wp\/v2\/posts"}],"about":[{"href":"https:\/\/alte.mannschaft.lgbt\/bimber\/wp-json\/wp\/v2\/types\/post"}],"author":[{"embeddable":true,"href":"https:\/\/alte.mannschaft.lgbt\/bimber\/wp-json\/wp\/v2\/users\/1"}],"replies":[{"embeddable":true,"href":"https:\/\/alte.mannschaft.lgbt\/bimber\/wp-json\/wp\/v2\/comments?post=107427"}],"version-history":[{"count":0,"href":"https:\/\/alte.mannschaft.lgbt\/bimber\/wp-json\/wp\/v2\/posts\/107427\/revisions"}],"wp:featuredmedia":[{"embeddable":true,"href":"https:\/\/alte.mannschaft.lgbt\/bimber\/wp-json\/wp\/v2\/media\/53016"}],"wp:attachment":[{"href":"https:\/\/alte.mannschaft.lgbt\/bimber\/wp-json\/wp\/v2\/media?parent=107427"}],"wp:term":[{"taxonomy":"category","embeddable":true,"href":"https:\/\/alte.mannschaft.lgbt\/bimber\/wp-json\/wp\/v2\/categories?post=107427"},{"taxonomy":"post_tag","embeddable":true,"href":"https:\/\/alte.mannschaft.lgbt\/bimber\/wp-json\/wp\/v2\/tags?post=107427"}],"curies":[{"name":"wp","href":"https:\/\/api.w.org\/{rel}","templated":true}]}}