{"id":105300,"date":"2021-02-22T09:41:53","date_gmt":"2021-02-22T08:41:53","guid":{"rendered":"https:\/\/mannschaft.com\/?p=105300"},"modified":"2021-02-22T09:41:53","modified_gmt":"2021-02-22T08:41:53","slug":"tv-auswanderer-tobias-und-michael-eroeffnen-boutique-in-thun","status":"publish","type":"post","link":"https:\/\/alte.mannschaft.lgbt\/bimber\/tv-auswanderer-tobias-und-michael-eroeffnen-boutique-in-thun\/","title":{"rendered":"TV-Auswanderer Tobias und Michael er\u00f6ffnen Boutique in Thun"},"content":{"rendered":"<h3>Die Auswanderer Tobias und Michael sind wieder zur\u00fcck in der Schweiz. Nun schmieden sie trotz Pandemie optimistische Zukunftspl\u00e4ne: Anfang M\u00e4rz wird das Paar n\u00e4mlich die Mode-Boutique \u00abSTARS\u00bb er\u00f6ffnen. Denn was auf Fuerteventura funktioniert hat, soll jetzt auch in der Thuner Altstadt erfolgreich sein.<\/h3>\n<p>Tobias Bayer wollte schon immer eine Bar auf Fuerteventura er\u00f6ffnen. Michael tr\u00e4umte vom eigenen Modelabel. Das Resultat waren die Bar mit Boutique und das gleichnamige Label \u00abSTARS\u00bb. Der TV-Sender <em>3+<\/em> und auch das <em>Schweizer Fernsehen<\/em> dokumentierten ihr Auswanderer-Abenteuer mit all seinen H\u00f6hen und Tiefen. Doch die Corona-Pandemie machte Tobias und Michael einen Strich durch die Rechnung.<\/p>\n<blockquote class=\"wp-embedded-content\" data-secret=\"2769m4uL3y\"><p><a href=\"https:\/\/mannschaft.com\/auswandern-schwul-heimat-ist%e2%80%89wo-meine-liebe%e2%80%89ist\/\">\u00abIch werde immer zwischen zwei Kulturen leben\u00bb<\/a><\/p><\/blockquote>\n<p><iframe class=\"wp-embedded-content\" sandbox=\"allow-scripts\" security=\"restricted\" style=\"position: absolute; clip: rect(1px, 1px, 1px, 1px);\" title=\"&#8220;\u00abIch werde immer zwischen zwei Kulturen leben\u00bb&#8221; &#8212; Mannschaft\" src=\"https:\/\/mannschaft.com\/auswandern-schwul-heimat-ist%e2%80%89wo-meine-liebe%e2%80%89ist\/embed\/#?secret=2769m4uL3y\" data-secret=\"2769m4uL3y\" width=\"600\" height=\"338\" frameborder=\"0\" marginwidth=\"0\" marginheight=\"0\" scrolling=\"no\"><\/iframe><\/p>\n<p><strong>Stimmung im Keller<\/strong><br \/>\n<a href=\"https:\/\/mannschaft.com\/auswanderer-der-tourismus-liegt-am-boden-zertruemmert-und-zerstoert\/\" target=\"_blank\" rel=\"noopener\">Als MANNSCHAFT im September das letzte Mal mit dem Paar sprach<\/a>, war bereits klar: Nach f\u00fcnf Jahren auf der Vulkaninsel ist Schluss. Wie so viele Menschen in Urlaubsregionen h\u00e4tten auch sie sich m\u00fchevoll durch die Pandemie geschleppt. Ab Mai war das Gesch\u00e4ft zwar wieder offen, doch sie mussten reduziert arbeiten und Personal abbauen. \u00abDie Stimmung auf der Insel war im Keller\u00bb, erinnert sich Tobias.<\/p>\n<p>\u00abViele Menschen auf Fuerteventura sind auf den Tourismus angewiesen und haben w\u00e4hrend der Pandemie ihre Existenz verloren\u00bb, erz\u00e4hlt der Berner weiter. Die TV-Auswanderer konnten sich dank ihrem Ruf mit treuen Stammkund*innen vor Ort, aber auch im Onlineshop \u00fcber Wasser halten. \u00abAber es wurde uns zunehmend langweiliger. Gleichzeitig war klar, dass sich dieser Zustand auf Fuerteventura nicht so schnell \u00e4ndern wird.\u00bb<\/p>\n<p>Sie entschieden sich, in die Schweiz zur\u00fcckzukehren, um dort mit ihrem Label \u00abSTARS\u00bb eine Boutique aufzubauen. \u00abEs tat etwas weh, unsere neue Heimat zu verlassen. Andererseits waren wir zumindest nicht zu diesem Schritt gezwungen und taten ihn freiwillig\u00bb, sagt Tobias. Auch ihre R\u00fcckkehr im Dezember war ein kleines Medienereignis, dem der <a href=\"https:\/\/www.blick.ch\/people-tv\/schweiz\/tv-auswanderer-tobias-und-michael-sind-auf-dem-weg-zurueck-in-die-schweiz-unsere-zeit-auf-fuerteventura-war-keine-fehlentscheidung-id16246376.html\" target=\"_blank\" rel=\"noopener\"><em>Blick<\/em> <\/a>eine Miniserie widmete.<\/p>\n<p><strong>Location in Thun gefunden<\/strong><br \/>\nDie beiden haben vor\u00fcbergehend bei den Eltern von Tobias Unterschlupf gefunden und konnten zum ersten Mal seit Jahren in diesem Kreis die Feiertage verbringen. Das war auch etwas Positives in dieser schwierigen Zeit, findet Tobias. \u00abAb Januar gaben wir dann Vollgas und suchten eine passende Location.\u00bb<\/p>\n<p>Sie wurden in der Thuner Altstadt f\u00fcndig, rund eine halbe Stunde von Bern entfernt. Nach einigen Verz\u00f6gerungen sollte der Er\u00f6ffnung Anfang M\u00e4rz nun nichts mehr im Weg stehen. Michael sei bereits wieder am Entwerfen neuer Kollektionen. Vor allem im Bereich Herrenmode werde sich die Auswahl vergr\u00f6ssern.<\/p>\n<p><strong>\u00abWarm und elegant\u00bb<\/strong><br \/>\nDas \u00ab<a href=\"https:\/\/shop.starsfvt.com\/de\/\" target=\"_blank\" rel=\"noopener\">STARS<\/a>\u00bb-Lokal auf Fuerteventura war Bar und Modeboutique in einem; der Standort in Thun wird hingegen kein Gastrobetrieb sein. Dazu w\u00fcrde in diesem Altstadtbau die entsprechende Genehmigung fehlen, wie Tobias erkl\u00e4rt. Daf\u00fcr k\u00f6nne man ohne Bar-Bereich ein viel gr\u00f6sseres Mode- und Lifestyle-Sortiment anbieten.<\/p>\n<p>\u00abJeder Kunde und jede Kundin soll sich bei uns wohlf\u00fchlen und etwas zu einem fairen Preis finden \u2013 ob ein Armband oder eine nette Abendrobe. Und es gibt auch das eine oder andere verr\u00fcckte Teil\u00bb, sagt Tobias schmunzelnd.<\/p>\n<p>\u00abWarm und elegant\u00bb, beschreiben die beiden die Atmosph\u00e4re in ihrer Boutique. Die Holzbalken und -b\u00f6den des Baus aus dem 18. Jahrhundert kombinieren sie mit modernen M\u00f6beln. Ihre Unternehmensphilosophie dabei: \u00abLieber ein kleineres Sortiment, das wir daf\u00fcr h\u00e4ufiger auswechseln und erg\u00e4nzen.\u00bb<\/p>\n<p><strong>Belastungsprobe f\u00fcr Beziehung<\/strong><br \/>\nTobias und Michael kennen sich nun seit fast 17 Jahren \u2013 war der Lockdown eine harte Belastungsprobe f\u00fcr ihre Beziehung? Nat\u00fcrlich seien der ganze Entscheidungsprozess und die R\u00fcckkehr nicht gerade einfach gewesen, sagt Tobias. Aber es h\u00e4tte sich schon mehr als einmal gezeigt, dass ihre Beziehung schwierige Phasen \u00fcberstehen kann.<\/p>\n<p>\u00abEs braucht in gewissen Situationen einfach viel Toleranz und die ist bei beiden vorhanden. Es kommen ja auch immer wieder freudige Ereignisse \u2013 wie die Er\u00f6ffnung im M\u00e4rz\u00bb, so Tobias.<\/p>\n","protected":false},"excerpt":{"rendered":"<p>TV-Auswanderer Tobias und Michael sind zur\u00fcck in der Schweiz und schmieden trotz Pandemie optimistische Pl\u00e4ne: Im M\u00e4rz er\u00f6ffnet das Paar die Boutique \u00abSTARS\u00bb. (MANNSCHAFT+) <a class=\"g1-link g1-link-more\" href=\"https:\/\/alte.mannschaft.lgbt\/bimber\/tv-auswanderer-tobias-und-michael-eroeffnen-boutique-in-thun\/\">Weiterlesen<\/a><\/p>\n","protected":false},"author":42,"featured_media":105302,"comment_status":"closed","ping_status":"closed","sticky":false,"template":"","format":"standard","meta":[],"categories":[4371,1340],"tags":[5466,998,5540],"wps_subtitle":"Nach f\u00fcnf Jahren Fuerteventura ging es f\u00fcr das Paar zur\u00fcck in die Schweiz","_links":{"self":[{"href":"https:\/\/alte.mannschaft.lgbt\/bimber\/wp-json\/wp\/v2\/posts\/105300"}],"collection":[{"href":"https:\/\/alte.mannschaft.lgbt\/bimber\/wp-json\/wp\/v2\/posts"}],"about":[{"href":"https:\/\/alte.mannschaft.lgbt\/bimber\/wp-json\/wp\/v2\/types\/post"}],"author":[{"embeddable":true,"href":"https:\/\/alte.mannschaft.lgbt\/bimber\/wp-json\/wp\/v2\/users\/42"}],"replies":[{"embeddable":true,"href":"https:\/\/alte.mannschaft.lgbt\/bimber\/wp-json\/wp\/v2\/comments?post=105300"}],"version-history":[{"count":0,"href":"https:\/\/alte.mannschaft.lgbt\/bimber\/wp-json\/wp\/v2\/posts\/105300\/revisions"}],"wp:featuredmedia":[{"embeddable":true,"href":"https:\/\/alte.mannschaft.lgbt\/bimber\/wp-json\/wp\/v2\/media\/105302"}],"wp:attachment":[{"href":"https:\/\/alte.mannschaft.lgbt\/bimber\/wp-json\/wp\/v2\/media?parent=105300"}],"wp:term":[{"taxonomy":"category","embeddable":true,"href":"https:\/\/alte.mannschaft.lgbt\/bimber\/wp-json\/wp\/v2\/categories?post=105300"},{"taxonomy":"post_tag","embeddable":true,"href":"https:\/\/alte.mannschaft.lgbt\/bimber\/wp-json\/wp\/v2\/tags?post=105300"}],"curies":[{"name":"wp","href":"https:\/\/api.w.org\/{rel}","templated":true}]}}