{"id":105178,"date":"2021-02-20T16:00:27","date_gmt":"2021-02-20T15:00:27","guid":{"rendered":"https:\/\/mannschaft.com\/?p=105178"},"modified":"2021-02-24T13:21:40","modified_gmt":"2021-02-24T12:21:40","slug":"schwuler-ehrenkommissar-in-sachsen-jaecki-schwarz-wird-75","status":"publish","type":"post","link":"https:\/\/alte.mannschaft.lgbt\/bimber\/schwuler-ehrenkommissar-in-sachsen-jaecki-schwarz-wird-75\/","title":{"rendered":"Schwuler Ehrenkommissar in Sachsen: Jaecki Schwarz wird 75"},"content":{"rendered":"<h3>Die s\u00e4chsische Polizeigewerkschaft hat ihn einmal zum Ehrenkommissar ernannt: Jaecki Schwarz hat viele Jahre mit Wolfgang Winkler im \u00abPolizeiruf 110\u00bb ermittelt. Die Rolle war eine der bekanntesten auf seiner Liste von etwa 250 Kino- und Fernsehfilmen. K\u00fcrzlich hat der schwule Schauspieler das #Actout-Manifest mitgetragen.<\/h3>\n<p>Mehr als zwei Jahrzehnte geh\u00f6rte Jaecki Schwarz zum Berliner Ensemble, er stand f\u00fcr Gr\u00f6ssen wie Peter Zadek auf der B\u00fchne. Er ist einer der ostdeutschen Schauspieler, die auch nach dem Mauerfall weiter erfolgreich waren. Am 26. Februar wird der Berliner 75 Jahre alt.<\/p>\n<p>Von Auftritten im Krimi \u00abEin starkes Team\u00bb abgesehen, arbeitet Schwarz nur noch wenig. Wenn er davon am Telefon erz\u00e4hlt, klingt das aber nicht verbittert. \u00abDas ist einfach die Realit\u00e4t. Die Angebote sind fast gleich null. Ich warte nicht auf eine dritte Karriere in Hollywood.\u00bb Krimis guckt er im Fernsehen nur selten. Er kennt die Tricks der Drehb\u00fccher, wenn mal wieder die DNA als Beweis herhalten muss.<\/p>\n<p>Die \u00abPolizeiruf\u00bb-F\u00e4lle aus Halle waren viele Jahre ein Quotengarant, 2013 war Schluss. Wie viele Sender tauschte der MDR die Ermittler aus. 17 Jahre waren die Kommissare Schm\u00fccke &amp; Schneider, die beide mit Vornamen Herbert hiessen, auf Verbrecherjagd. Der Autor Andreas Kurtz widmete den M\u00e4nnern ein Buch, \u00abHerbert &amp; Herbert\u00bb. F\u00fcr ihn waren sie im Krimi \u00abkeine Figuren, die das Papier von Drehb\u00fcchern rascheln, sondern Menschen, die sich angrummeln, -schnauzen und -zicken.\u00bb<\/p>\n<blockquote class=\"wp-embedded-content\" data-secret=\"ydd5cHpomT\"><p><a href=\"https:\/\/mannschaft.com\/riccardo-simonetti-wird-lgbtiq-sonderbotschafter-des-eu-parlaments\/\">Riccardo Simonetti wird LGBTIQ-Sonderbotschafter des EU-Parlaments<\/a><\/p><\/blockquote>\n<p><iframe class=\"wp-embedded-content\" sandbox=\"allow-scripts\" security=\"restricted\" style=\"position: absolute; clip: rect(1px, 1px, 1px, 1px);\" title=\"&#8222;Riccardo Simonetti wird LGBTIQ-Sonderbotschafter des EU-Parlaments&#8220; &#8212; Mannschaft Magazin\" src=\"https:\/\/mannschaft.com\/riccardo-simonetti-wird-lgbtiq-sonderbotschafter-des-eu-parlaments\/embed\/#?secret=ydd5cHpomT\" data-secret=\"ydd5cHpomT\" width=\"600\" height=\"338\" frameborder=\"0\" marginwidth=\"0\" marginheight=\"0\" scrolling=\"no\"><\/iframe><\/p>\n<p>Die Arbeit schweisste Winkler und Schwarz zusammen. Sie bestanden auf gemeinsame Garderoben-R\u00e4ume und lasen zusammen Zeitung, Winkler den Sportteil und Schwarz das Feuilleton. Winkler starb 2019. Sein Kollege vermisst heute die gemeinsamen Autofahrten, das Rumkommen. \u00abEr war vertr\u00e4glich und nicht vom Ehrgeiz zerfressen\u00bb, sagt Schwarz \u00fcber Winkler. Nicht immer der Erste sein m\u00fcssen: Da h\u00e4tten die beiden gemein gehabt.<\/p>\n<p>Ein Blick zur\u00fcck: Jaecki Schwarz wurde in K\u00f6penick geboren, nach dem Abitur machte er zun\u00e4chst eine Lehre als Fotochemie-Facharbeiter, Schauspieler wurde er an der Filmhochschule in Potsdam-Babelsberg. 1967 hatte er seine erste Hauptrolle in \u00abIch war 19\u00bb. Konrad Wolfs autobiografische Geschichte handelt von einem jungen Deutschen, der 1945 als Leutnant der Roten Armee in seine Heimat zur\u00fcckkehrt. Wenn man Schwarz nach besonders sehenswerten Werken aus seiner Karriere fragt, nennt er diesen Film. Und auch \u00abDie Schl\u00fcssel\u00bb, ein Defa-Drama von 1973, in dem er neben Jutta Hoffmann die Hauptrolle spielt.<\/p>\n<p>Am Berliner Ensemble gab es zu DDR-Zeiten eine gewisse Art Narrenfreiheit, so schildert es Schwarz. \u00abWir waren Hofnarren, denke ich. Wir konnten uns ein paar Sachen erlauben.\u00bb Die Stasi sei dort zwar auch aktiv gewesen, aber sie habe sich nicht so festkraken k\u00f6nnen wie in den Betrieben. Nach der Wende habe er grosses Gl\u00fcck gehabt, sagt Schwarz. \u00abIch konnte anschliessen. Ich fiel in kein Loch.\u00bb Er reist gerne. Er konnte durch Gastspiele schon zu DDR-Zeiten etwas von der Welt sehen, aber unter anderen Umst\u00e4nden, fr\u00fcher war das Geld knapper.<\/p>\n<blockquote><p>Ist doch wurst, wenn jemand schwul ist<\/p><\/blockquote>\n<p>Offen geht Schwarz mit seiner einstigen Sucht um. \u00abAlkoholismus ist keine Schw\u00e4che, sondern eine Krankheit\u00bb, sagte er vor einigen Jahren. \u00abEinem Alkoholiker muss geholfen werden, das darf nicht unter den Tisch gekehrt werden.\u00bb Auch dass Schwarz schwul ist, ist schon lange bekannt. Er lebt als Single. Dass es heute noch Schlagzeilen macht, wenn ein junger Schauspieler sein Coming-out hat, wundert Schwarz nicht. F\u00fcr die Leute scheine das noch etwas Besonderes zu sein. Dabei sei es doch wurst. \u00abAber das ist eben die Dummheit der Leute, weil sie nicht aufgekl\u00e4rt sind.\u00bb Gerade hat er bei einem queeren Manifest von 185 Schauspielerinnen und Schauspielern im Magazin der <em>S\u00fcddeutschen Zeitung<\/em> Flagge gezeigt <a href=\"https:\/\/mannschaft.com\/offensiv-gegen-den-karriereknick-schauspielstars-outen-sich\/\" target=\"_blank\" rel=\"noopener\">(MANNSCHAFT berichtete).<\/a><\/p>\n<p>Wie es ihm gesundheitlich geht? Normal. Seine Wohnung in Berlin-Mitte liegt im neunten Stock. Da muss er \u00abunterwegs mal auspusten\u00bb, wenn der Fahrstuhl nicht geht. Er vermisst, dass er wegen der \u00abCorona-Kacke\u00bb nicht verreisen kann. Sein Lieblingsziel sind die Malediven. An seinem Geburtstag w\u00fcrde er gerne nach Heringsdorf an die Ostsee fahren, wenn es geht. Womit man ihm eine Freude machen kann? Bei W\u00fcnschen ist er bescheiden: \u00abAlles, was ich brauche, habe ich. Ich habe sogar mehr, als ich brauche.\u00bb Wenn G\u00e4ste Jaecki Schwarz fragen, was sie mitbringen k\u00f6nnen, pflegt er zu sagen: gute Laune oder Appetit.<\/p>\n","protected":false},"excerpt":{"rendered":"<p>Sachsens Polizeigewerkschaft hat ihn zum Ehrenkommissar ernannt: Jaecki Schwarz hat viele Jahre im \u00abPolizeiruf 110\u00bb ermittelt. K\u00fcrzlich hat der schwule Schauspieler das #Actout-Manifest mitgetragen. <a class=\"g1-link g1-link-more\" href=\"https:\/\/alte.mannschaft.lgbt\/bimber\/schwuler-ehrenkommissar-in-sachsen-jaecki-schwarz-wird-75\/\">Weiterlesen<\/a><\/p>\n","protected":false},"author":1950,"featured_media":105284,"comment_status":"closed","ping_status":"closed","sticky":false,"template":"","format":"standard","meta":[],"categories":[2534],"tags":[5442,5462,5540],"wps_subtitle":"Er war \u00abPolizeiruf 110\u00bb-Kommissar und ist bis heute ein Publikumsliebling","_links":{"self":[{"href":"https:\/\/alte.mannschaft.lgbt\/bimber\/wp-json\/wp\/v2\/posts\/105178"}],"collection":[{"href":"https:\/\/alte.mannschaft.lgbt\/bimber\/wp-json\/wp\/v2\/posts"}],"about":[{"href":"https:\/\/alte.mannschaft.lgbt\/bimber\/wp-json\/wp\/v2\/types\/post"}],"author":[{"embeddable":true,"href":"https:\/\/alte.mannschaft.lgbt\/bimber\/wp-json\/wp\/v2\/users\/1950"}],"replies":[{"embeddable":true,"href":"https:\/\/alte.mannschaft.lgbt\/bimber\/wp-json\/wp\/v2\/comments?post=105178"}],"version-history":[{"count":0,"href":"https:\/\/alte.mannschaft.lgbt\/bimber\/wp-json\/wp\/v2\/posts\/105178\/revisions"}],"wp:featuredmedia":[{"embeddable":true,"href":"https:\/\/alte.mannschaft.lgbt\/bimber\/wp-json\/wp\/v2\/media\/105284"}],"wp:attachment":[{"href":"https:\/\/alte.mannschaft.lgbt\/bimber\/wp-json\/wp\/v2\/media?parent=105178"}],"wp:term":[{"taxonomy":"category","embeddable":true,"href":"https:\/\/alte.mannschaft.lgbt\/bimber\/wp-json\/wp\/v2\/categories?post=105178"},{"taxonomy":"post_tag","embeddable":true,"href":"https:\/\/alte.mannschaft.lgbt\/bimber\/wp-json\/wp\/v2\/tags?post=105178"}],"curies":[{"name":"wp","href":"https:\/\/api.w.org\/{rel}","templated":true}]}}