{"id":100437,"date":"2020-12-29T10:45:40","date_gmt":"2020-12-29T09:45:40","guid":{"rendered":"https:\/\/mannschaft.com\/?p=100437"},"modified":"2021-01-01T12:15:14","modified_gmt":"2021-01-01T11:15:14","slug":"es-war-nicht-alles-schlecht-oder-mein-highlight-2020","status":"publish","type":"post","link":"https:\/\/alte.mannschaft.lgbt\/bimber\/es-war-nicht-alles-schlecht-oder-mein-highlight-2020\/","title":{"rendered":"Es war nicht alles schlecht, oder? \u2013 Mein Highlight 2020"},"content":{"rendered":"<h3>Das Jahr ist fast Geschichte. Alles Corona, oder was? Nein, es gab auch gute Momente. Wir haben Mitglieder der LGBTIQ-Familie gebeten, uns ihr Highlight 2020 zu verraten.<\/h3>\n<p><strong>Marcus Urban, Ex-Fussballspieler und Aktivist (Berlin)<br \/>\n<\/strong>\u00abDas Sch\u00f6nste war die Hochzeit mit meinem Jens. Nun sind wir tats\u00e4chlich verheiratet, und Jens damit der erste offizielle Spielermann der Welt und ich der erste verheiratete Ex-Profifussballer, soweit ich weiss. Wir sind froh, es durchgezogen zu haben, und dass wir es alleine f\u00fcr uns gefeiert haben, war das allerbeste daran. Die Party kommt dann 2021!\u00bb<\/p>\n<figure id=\"attachment_100446\" aria-describedby=\"caption-attachment-100446\" style=\"width: 960px\" class=\"wp-caption alignnone\"><a href=\"https:\/\/mannschaft.com\/bimber\/wp-content\/uploads\/2020\/12\/Marcus-Urban.jpg\"><img data-expand=\"600\" decoding=\"async\" loading=\"lazy\" class=\"lazyload wp-image-100446 size-full\" src=\"data:image\/svg+xml;charset=utf-8,%3Csvg xmlns%3D'http%3A%2F%2Fwww.w3.org%2F2000%2Fsvg' viewBox%3D'0 0 960 720'%2F%3E\" data-src=\"https:\/\/mannschaft.com\/bimber\/wp-content\/uploads\/2020\/12\/Marcus-Urban.jpg\" alt=\"\" width=\"960\" height=\"720\" data-srcset=\"https:\/\/alte.mannschaft.lgbt\/bimber\/wp-content\/uploads\/2020\/12\/Marcus-Urban.jpg 960w, https:\/\/alte.mannschaft.lgbt\/bimber\/wp-content\/uploads\/2020\/12\/Marcus-Urban-300x225.jpg 300w, https:\/\/alte.mannschaft.lgbt\/bimber\/wp-content\/uploads\/2020\/12\/Marcus-Urban-425x319.jpg 425w, https:\/\/alte.mannschaft.lgbt\/bimber\/wp-content\/uploads\/2020\/12\/Marcus-Urban-768x576.jpg 768w, https:\/\/alte.mannschaft.lgbt\/bimber\/wp-content\/uploads\/2020\/12\/Marcus-Urban-192x144.jpg 192w, https:\/\/alte.mannschaft.lgbt\/bimber\/wp-content\/uploads\/2020\/12\/Marcus-Urban-384x288.jpg 384w, https:\/\/alte.mannschaft.lgbt\/bimber\/wp-content\/uploads\/2020\/12\/Marcus-Urban-90x67.jpg 90w, https:\/\/alte.mannschaft.lgbt\/bimber\/wp-content\/uploads\/2020\/12\/Marcus-Urban-180x135.jpg 180w, https:\/\/alte.mannschaft.lgbt\/bimber\/wp-content\/uploads\/2020\/12\/Marcus-Urban-561x421.jpg 561w, https:\/\/alte.mannschaft.lgbt\/bimber\/wp-content\/uploads\/2020\/12\/Marcus-Urban-364x273.jpg 364w, https:\/\/alte.mannschaft.lgbt\/bimber\/wp-content\/uploads\/2020\/12\/Marcus-Urban-728x546.jpg 728w, https:\/\/alte.mannschaft.lgbt\/bimber\/wp-content\/uploads\/2020\/12\/Marcus-Urban-608x456.jpg 608w, https:\/\/alte.mannschaft.lgbt\/bimber\/wp-content\/uploads\/2020\/12\/Marcus-Urban-758x569.jpg 758w, https:\/\/alte.mannschaft.lgbt\/bimber\/wp-content\/uploads\/2020\/12\/Marcus-Urban-64x48.jpg 64w, https:\/\/alte.mannschaft.lgbt\/bimber\/wp-content\/uploads\/2020\/12\/Marcus-Urban-128x96.jpg 128w, https:\/\/alte.mannschaft.lgbt\/bimber\/wp-content\/uploads\/2020\/12\/Marcus-Urban-313x235.jpg 313w, https:\/\/alte.mannschaft.lgbt\/bimber\/wp-content\/uploads\/2020\/12\/Marcus-Urban-400x300.jpg 400w\" data-sizes=\"(max-width: 960px) 100vw, 960px\" \/><\/a><figcaption id=\"caption-attachment-100446\" class=\"wp-caption-text\">Marcus Urban (Foto: privat)<\/figcaption><\/figure>\n<p><strong>MANNSCHAFT-Kolumnistin <a href=\"https:\/\/mannschaft.com\/lesben-bi-the-way-der-katy-perry-stress\/\" target=\"_blank\" rel=\"noopener\">Anna Rosenwasser<\/a> (Z\u00fcrich)<br \/>\n<\/strong>\u00abIch bin kein allzu weihnachtlicher Mensch\u2026 aber dass Heiligabend einsam w\u00fcrde, hatte mir schon etwas Sorgen gemacht. Semi-motiviert dr\u00fcckte ich um 22 Uhr auf <em>Play<\/em>\u00a0beim Musical \u00abCommunity\u00bb, das queere Kulturschaffende innert weniger Wochen erschaffen hatten <a href=\"https:\/\/mannschaft.com\/queerxmas-eine-etwas-andere-weihnachtsgeschichte\/\" target=\"_blank\" rel=\"noopener\">(MANNSCHAFT berichtete)<\/a>, und hab schon nach f\u00fcnf Minuten heulen m\u00fcssen. Vor R\u00fchrung und Erleichterung und queerer Liebe. F\u00fcr 35 Minuten war mein Community-Vermissen etwas gelindert. Und die Weihnachtsstimmung pl\u00f6tzlich ein bisschen vorhanden.\u00bb<\/p>\n<p><strong>Sascha Korf, Comedian (K\u00f6ln)<br \/>\n<\/strong>\u00abWas f\u00fcr mich an Corona das einzig Gute war, ist, dass mein Freund und ich uns irgendwie komplett neu aufgestellt haben. Er ist ja Purser und ich K\u00fcnstler auf Tour. Das heisst, wir waren st\u00e4ndig unterwegs. Mal hatte der eine die Wohnung f\u00fcr sich, mal der andere. Durch Corona waren wir nun jeden Tag da. Was am Anfang Herausforderung war, entwickelte sich zu einem v\u00f6llig neuem Alltag, der unglaublich toll ist. Wir haben an dem anderen v\u00f6llig neue Qualit\u00e4ten entdeckt.\u00bb<\/p>\n<div id=\"g1-fluid-wrapper-counter-1\" class=\"g1-fluid-wrapper \" style=\"width:662px;\" data-g1-fluid-width=\"662\" data-g1-fluid-height=\"372\">\n<div class=\"g1-fluid-wrapper-inner\" style=\"padding-bottom:56.19335347432%;\">\n<div class=\"mace-youtube\" data-mace-video=\"https:\/\/www.youtube.com\/embed\/tTKt_H0VSg0?showinfo=0&#038;rel=1&#038;ytp-pause-overlay=1&#038;autoplay=1&#038;enablejsapi=1\" data-mace-video-thumb=\"https:\/\/img.youtube.com\/vi\/tTKt_H0VSg0\/hqdefault.jpg\">\n<div class=\"mace-play-button\"><\/div>\n<\/div><\/div>\n<\/p><\/div>\n<p><strong> Annet Audehm, LGBTIQ-Aktivistin (Berlin)<br \/>\n<\/strong>\u00abAls ich die Botschaften in Berlin aufgesucht habe von L\u00e4ndern, wo LGBTIQ-Rechte mit Todes-, Gef\u00e4ngnis- oder Geldstrafe bestraft werden, wurde mir es noch bewusster, welch ein grosses Geschenk wir hier haben, in Freiheit zu leben. Das ist richtig und wichtig ist, auch hier weiter zu k\u00e4mpfen.\u00bb<\/p>\n<p><strong>Marco Uhlig, Partyveranstalter und Pfleger (Z\u00fcrich)<br \/>\n<\/strong>\u00abMein absolutes Highlight war sicher die Einladung in die Live-Sendung zum IDAHOBIT bei SRF am 17. Mai, in der ich zur besten Sendezeit \u00fcber die uns\u00e4gliche Situation der Hate Crimes gegen queere Menschen sprechen konnte, die seit Anfang 2020 stark zugenommen hatten und konzeptlos von Politik und Polizei hingenommen wurden. Die Sendung hat viel angestossen und zu weiteren Interviews gef\u00fchrt. Viele Menschen wurden darauf aufmerksam, mehr Opfer meldeten sich und es erh\u00f6hte den Druck auf die Verantwortlichen. Die anf\u00e4ngliche Unt\u00e4tigkeit der Beh\u00f6rden hat meinen Kampfgeist neu entflammt, und ich habe sehr viele positive Feedbacks und Unterst\u00fctzung aus der Community erhalten.<\/p>\n<figure id=\"attachment_75440\" aria-describedby=\"caption-attachment-75440\" style=\"width: 1405px\" class=\"wp-caption alignnone\"><a href=\"https:\/\/mannschaft.com\/bimber\/wp-content\/uploads\/2020\/03\/Marco_Pfleger_mannschaft_BILD-2.jpeg\"><img data-expand=\"600\" decoding=\"async\" loading=\"lazy\" class=\"lazyload size-full wp-image-75440\" src=\"data:image\/svg+xml;charset=utf-8,%3Csvg xmlns%3D'http%3A%2F%2Fwww.w3.org%2F2000%2Fsvg' viewBox%3D'0 0 1405 926'%2F%3E\" data-src=\"https:\/\/mannschaft.com\/bimber\/wp-content\/uploads\/2020\/03\/Marco_Pfleger_mannschaft_BILD-2.jpeg\" alt=\"Marco Uhlig\" width=\"1405\" height=\"926\" data-srcset=\"https:\/\/alte.mannschaft.lgbt\/bimber\/wp-content\/uploads\/2020\/03\/Marco_Pfleger_mannschaft_BILD-2.jpeg 1405w, https:\/\/alte.mannschaft.lgbt\/bimber\/wp-content\/uploads\/2020\/03\/Marco_Pfleger_mannschaft_BILD-2-300x198.jpeg 300w, https:\/\/alte.mannschaft.lgbt\/bimber\/wp-content\/uploads\/2020\/03\/Marco_Pfleger_mannschaft_BILD-2-425x280.jpeg 425w, https:\/\/alte.mannschaft.lgbt\/bimber\/wp-content\/uploads\/2020\/03\/Marco_Pfleger_mannschaft_BILD-2-768x506.jpeg 768w, https:\/\/alte.mannschaft.lgbt\/bimber\/wp-content\/uploads\/2020\/03\/Marco_Pfleger_mannschaft_BILD-2-180x120.jpeg 180w, https:\/\/alte.mannschaft.lgbt\/bimber\/wp-content\/uploads\/2020\/03\/Marco_Pfleger_mannschaft_BILD-2-561x370.jpeg 561w, https:\/\/alte.mannschaft.lgbt\/bimber\/wp-content\/uploads\/2020\/03\/Marco_Pfleger_mannschaft_BILD-2-1122x739.jpeg 1122w, https:\/\/alte.mannschaft.lgbt\/bimber\/wp-content\/uploads\/2020\/03\/Marco_Pfleger_mannschaft_BILD-2-364x240.jpeg 364w, https:\/\/alte.mannschaft.lgbt\/bimber\/wp-content\/uploads\/2020\/03\/Marco_Pfleger_mannschaft_BILD-2-758x500.jpeg 758w, https:\/\/alte.mannschaft.lgbt\/bimber\/wp-content\/uploads\/2020\/03\/Marco_Pfleger_mannschaft_BILD-2-608x401.jpeg 608w, https:\/\/alte.mannschaft.lgbt\/bimber\/wp-content\/uploads\/2020\/03\/Marco_Pfleger_mannschaft_BILD-2-1152x759.jpeg 1152w, https:\/\/alte.mannschaft.lgbt\/bimber\/wp-content\/uploads\/2020\/03\/Marco_Pfleger_mannschaft_BILD-2-73x48.jpeg 73w, https:\/\/alte.mannschaft.lgbt\/bimber\/wp-content\/uploads\/2020\/03\/Marco_Pfleger_mannschaft_BILD-2-146x96.jpeg 146w, https:\/\/alte.mannschaft.lgbt\/bimber\/wp-content\/uploads\/2020\/03\/Marco_Pfleger_mannschaft_BILD-2-400x264.jpeg 400w\" data-sizes=\"(max-width: 1405px) 100vw, 1405px\" \/><\/a><figcaption id=\"caption-attachment-75440\" class=\"wp-caption-text\">Marco Uhlig (Bild: Facebook)<\/figcaption><\/figure>\n<p>Die Schliessung vom Heaven hat dann zus\u00e4tzlich mein Leben komplett auf den Kopf gestellt. Ich arbeite wieder auf der Intensivstation an meinem alten Arbeitsort im Unispital Z\u00fcrich und habe die Liebe zu meiner \u00abalten\u00bb neuen Berufung wiederentdeckt. Als das Unispital sich im Sommer dazu entschieden hatte, mit einem riesigen \u00abWir bekennen Farbe\u00bb-Banner am Spitalgeb\u00e4ude f\u00fcr den Kampf gegen die Hass-\u00dcberf\u00e4lle und f\u00fcr mehr LGBT-Rechte \u00f6ffentlich einzustehen, wusste ich, dass ich genau f\u00fcr den richtigen Arbeitgeber arbeite, und es machte mich als Mitarbeiten und als Prideler extrem stolz.<\/p>\n<blockquote><p>Nach diesem Jahr bin ich ein anderer Mensch geworden.<\/p><\/blockquote>\n<p>Nach diesem Jahr bin ich definitiv ein anderer Mensch geworden. 2020 war ein schwieriges Jahr, und nun am Ende des Jahres k\u00e4mpf ich immer noch, diesmal um das Fortbestehen vom Heaven. Ein kleiner Lichtblick war das euphorisch gefeierte Re-opening im Juni nach dem ersten Lockdown <a href=\"https:\/\/mannschaft.com\/back-in-heaven-schweizer-clubs-oeffnen-wieder\/\" target=\"_blank\" rel=\"noopener\">(MANNSCHAFT berichtete)<\/a>. Ein sehr emotionales Weekend f\u00fcr mich und alle Anwesenden.\u00bb<\/p>\n<p><strong>DJ Herzbeat (Berlin)<\/strong><br \/>\n\u00abAuch wenn das Jahr alles andere als Prall war, habe ich dennoch sch\u00f6ne Momente erleben k\u00f6nnen. Zum einen der Augenblick, als mein Album \u00abDancefieber\u00bb im Juni erschien. Das war ein wahnsinniges Gef\u00fchl. Der erste Live-Auftritt seit langem bei der \u00abSchlager Nacht des Jahres\u00bb in Berlin, wo ich zusammen mit meiner Ikone <a href=\"https:\/\/mannschaft.com\/marianne-rosenberg-ich-weiss-wie-es-ist-wenn-man-sich-in-einen-schwulen-verliebt\/\" target=\"_blank\" rel=\"noopener\">Marianne Rosenberg<\/a> gemeinsam in der Waldb\u00fchne performen durfte. F\u00fcr sie habe ich ihren Hit \u00abWann (Mister 100%)\u00bb neu gemixt. Es war einfach nur grossartig. Was mich auch noch sehr gl\u00fccklich macht, dass ich im diesen Jahr Onkel geworden bin und jetzt eine ganz s\u00fcsse Nichte habe und mich immer freue, wenn ich sie sehen darf.\u00bb<\/p>\n<figure id=\"attachment_81119\" aria-describedby=\"caption-attachment-81119\" style=\"width: 1200px\" class=\"wp-caption alignnone\"><a href=\"https:\/\/mannschaft.com\/bimber\/wp-content\/uploads\/2020\/06\/DJ-Herzbeat-2020.jpg\"><img data-expand=\"600\" decoding=\"async\" loading=\"lazy\" class=\"lazyload size-full wp-image-81119\" src=\"data:image\/svg+xml;charset=utf-8,%3Csvg xmlns%3D'http%3A%2F%2Fwww.w3.org%2F2000%2Fsvg' viewBox%3D'0 0 1200 800'%2F%3E\" data-src=\"https:\/\/mannschaft.com\/bimber\/wp-content\/uploads\/2020\/06\/DJ-Herzbeat-2020.jpg\" alt=\"schwuler DJ Herzbeat\" width=\"1200\" height=\"800\" data-srcset=\"https:\/\/alte.mannschaft.lgbt\/bimber\/wp-content\/uploads\/2020\/06\/DJ-Herzbeat-2020.jpg 1200w, https:\/\/alte.mannschaft.lgbt\/bimber\/wp-content\/uploads\/2020\/06\/DJ-Herzbeat-2020-300x200.jpg 300w, https:\/\/alte.mannschaft.lgbt\/bimber\/wp-content\/uploads\/2020\/06\/DJ-Herzbeat-2020-425x283.jpg 425w, https:\/\/alte.mannschaft.lgbt\/bimber\/wp-content\/uploads\/2020\/06\/DJ-Herzbeat-2020-768x512.jpg 768w, https:\/\/alte.mannschaft.lgbt\/bimber\/wp-content\/uploads\/2020\/06\/DJ-Herzbeat-2020-180x120.jpg 180w, https:\/\/alte.mannschaft.lgbt\/bimber\/wp-content\/uploads\/2020\/06\/DJ-Herzbeat-2020-561x374.jpg 561w, https:\/\/alte.mannschaft.lgbt\/bimber\/wp-content\/uploads\/2020\/06\/DJ-Herzbeat-2020-1122x748.jpg 1122w, https:\/\/alte.mannschaft.lgbt\/bimber\/wp-content\/uploads\/2020\/06\/DJ-Herzbeat-2020-364x243.jpg 364w, https:\/\/alte.mannschaft.lgbt\/bimber\/wp-content\/uploads\/2020\/06\/DJ-Herzbeat-2020-758x505.jpg 758w, https:\/\/alte.mannschaft.lgbt\/bimber\/wp-content\/uploads\/2020\/06\/DJ-Herzbeat-2020-608x405.jpg 608w, https:\/\/alte.mannschaft.lgbt\/bimber\/wp-content\/uploads\/2020\/06\/DJ-Herzbeat-2020-1152x768.jpg 1152w, https:\/\/alte.mannschaft.lgbt\/bimber\/wp-content\/uploads\/2020\/06\/DJ-Herzbeat-2020-72x48.jpg 72w, https:\/\/alte.mannschaft.lgbt\/bimber\/wp-content\/uploads\/2020\/06\/DJ-Herzbeat-2020-144x96.jpg 144w, https:\/\/alte.mannschaft.lgbt\/bimber\/wp-content\/uploads\/2020\/06\/DJ-Herzbeat-2020-400x267.jpg 400w\" data-sizes=\"(max-width: 1200px) 100vw, 1200px\" \/><\/a><figcaption id=\"caption-attachment-81119\" class=\"wp-caption-text\">Bild: Universal Music<\/figcaption><\/figure>\n<p><em>Der trans Mann <strong>Leon Dietrich<\/strong> ist seit diesem Jahr die erste hauptamtliche Ansprechperson f\u00fcr LGBTI der Polizei Niedersachsen, zust\u00e4ndig f\u00fcr vier grosse Beh\u00f6rden mit ungef\u00e4hr 10.000 Besch\u00e4ftigten \u2013 Polizeidirektion Hannover, Zentrale Polizeidirektion Niedersachsen, Polizeiakademie und das Landeskriminalamt \u2013 und koordiniert die anderen Ansprechpersonen LGBTI der Polizei im Nebenamt.<\/em><\/p>\n<figure id=\"attachment_100443\" aria-describedby=\"caption-attachment-100443\" style=\"width: 419px\" class=\"wp-caption alignnone\"><a href=\"https:\/\/mannschaft.com\/bimber\/wp-content\/uploads\/2020\/12\/LD2-2.jpg\"><img data-expand=\"600\" decoding=\"async\" loading=\"lazy\" class=\"lazyload wp-image-100443 size-full\" src=\"data:image\/svg+xml;charset=utf-8,%3Csvg xmlns%3D'http%3A%2F%2Fwww.w3.org%2F2000%2Fsvg' viewBox%3D'0 0 419 496'%2F%3E\" data-src=\"https:\/\/mannschaft.com\/bimber\/wp-content\/uploads\/2020\/12\/LD2-2.jpg\" alt=\"\" width=\"419\" height=\"496\" data-srcset=\"https:\/\/alte.mannschaft.lgbt\/bimber\/wp-content\/uploads\/2020\/12\/LD2-2.jpg 419w, https:\/\/alte.mannschaft.lgbt\/bimber\/wp-content\/uploads\/2020\/12\/LD2-2-253x300.jpg 253w, https:\/\/alte.mannschaft.lgbt\/bimber\/wp-content\/uploads\/2020\/12\/LD2-2-364x431.jpg 364w, https:\/\/alte.mannschaft.lgbt\/bimber\/wp-content\/uploads\/2020\/12\/LD2-2-41x48.jpg 41w, https:\/\/alte.mannschaft.lgbt\/bimber\/wp-content\/uploads\/2020\/12\/LD2-2-81x96.jpg 81w, https:\/\/alte.mannschaft.lgbt\/bimber\/wp-content\/uploads\/2020\/12\/LD2-2-313x371.jpg 313w, https:\/\/alte.mannschaft.lgbt\/bimber\/wp-content\/uploads\/2020\/12\/LD2-2-400x474.jpg 400w\" data-sizes=\"(max-width: 419px) 100vw, 419px\" \/><\/a><figcaption id=\"caption-attachment-100443\" class=\"wp-caption-text\">Leon Dietrich (Foto: zVg)<\/figcaption><\/figure>\n<p>\u00abDas war eine grosse berufliche Ver\u00e4nderung in 2020 f\u00fcr mich, da ich zuvor auch im Nebenamt als Ansprechperson f\u00fcr LGBTI t\u00e4tig war und nun in Vollzeit zur Verf\u00fcgung stehe. Das Amt ist so wichtig, weil bei uns inzwischen Vielseitigkeit und Diversit\u00e4t nicht mehr nur auf dem Papier stehen und ich mich als LGBTI-Landesbeauftragter der Polizei Niedersachsen seit einem halben Jahr intensiv f\u00fcr das Ziel der nieders\u00e4chsischen Landesregierung, jedweder Diskriminierung entgegenzutreten und vulnerable Gruppen wie es auch die LGBTI-Community ist, einsetzen kann.<\/p>\n<p>Mir ist wohl bewusst, dass die LGBTI-Community auch wegen der geschichtlichen Hintergr\u00fcnde der Polizei (vor 50 Jahren war die Polizei noch der \u00abVerfolger\u00bb, Stichwort \u00a7175) sehr grosse Angst vor uns hat <a href=\"https:\/\/mannschaft.com\/vom-verfolger-zum-partner-der-lgbtiq-community\/\" target=\"_blank\" rel=\"noopener\">(MANNSCHAFT berichtete)<\/a>. Deswegen ist es umso wichtiger in meiner neuen Funktion innerhalb der LGBTI-Community Vertrauen zu schaffen und sichtbarer zu werden. Die Menschen m\u00fcssen wissen, dass sie im \u00f6ffentlichen Raum gesch\u00fctzt sind und bei der Polizei kompetente Ansprechpersonen antreffen, die sie in einer bedrohlichen Situation vorurteilsfrei unterst\u00fctzen.\u00bb<\/p>\n<p><strong>Verlegerin Ilona Bubeck (Berlin)<\/strong><br \/>\n\u00abDurch das Virus war mein Leben tats\u00e4chlich weniger anstrengend, da ich die meiste Zeit Zuhause auf dem Dorf verbracht habe, und das war k\u00f6rperlich fast schon erholsam, da ich noch mehr als sonst mit meinen Hunden draussen in der Natur war, und mehr als sonst, Zeit zum Lesen hatte. Daf\u00fcr habe ich dann die wenigen Begegnungen umso mehr wertsch\u00e4tzen gelernt.<\/p>\n<figure id=\"attachment_88571\" aria-describedby=\"caption-attachment-88571\" style=\"width: 2560px\" class=\"wp-caption alignnone\"><a href=\"https:\/\/mannschaft.com\/bimber\/wp-content\/uploads\/2020\/08\/Querverlag_Bubeck_Baker\u00a9SergioVitale-scaled.jpg\"><img data-expand=\"600\" decoding=\"async\" loading=\"lazy\" class=\"lazyload size-full wp-image-88571\" src=\"data:image\/svg+xml;charset=utf-8,%3Csvg xmlns%3D'http%3A%2F%2Fwww.w3.org%2F2000%2Fsvg' viewBox%3D'0 0 2560 1696'%2F%3E\" data-src=\"https:\/\/mannschaft.com\/bimber\/wp-content\/uploads\/2020\/08\/Querverlag_Bubeck_Baker\u00a9SergioVitale-scaled.jpg\" alt=\"Querverlag\" width=\"2560\" height=\"1696\" data-srcset=\"https:\/\/alte.mannschaft.lgbt\/bimber\/wp-content\/uploads\/2020\/08\/Querverlag_Bubeck_Baker\u00a9SergioVitale-scaled.jpg 2560w, https:\/\/alte.mannschaft.lgbt\/bimber\/wp-content\/uploads\/2020\/08\/Querverlag_Bubeck_Baker\u00a9SergioVitale-300x199.jpg 300w, https:\/\/alte.mannschaft.lgbt\/bimber\/wp-content\/uploads\/2020\/08\/Querverlag_Bubeck_Baker\u00a9SergioVitale-425x281.jpg 425w, https:\/\/alte.mannschaft.lgbt\/bimber\/wp-content\/uploads\/2020\/08\/Querverlag_Bubeck_Baker\u00a9SergioVitale-768x509.jpg 768w, https:\/\/alte.mannschaft.lgbt\/bimber\/wp-content\/uploads\/2020\/08\/Querverlag_Bubeck_Baker\u00a9SergioVitale-1536x1017.jpg 1536w, https:\/\/alte.mannschaft.lgbt\/bimber\/wp-content\/uploads\/2020\/08\/Querverlag_Bubeck_Baker\u00a9SergioVitale-2048x1356.jpg 2048w, https:\/\/alte.mannschaft.lgbt\/bimber\/wp-content\/uploads\/2020\/08\/Querverlag_Bubeck_Baker\u00a9SergioVitale-180x120.jpg 180w, https:\/\/alte.mannschaft.lgbt\/bimber\/wp-content\/uploads\/2020\/08\/Querverlag_Bubeck_Baker\u00a9SergioVitale-561x372.jpg 561w, https:\/\/alte.mannschaft.lgbt\/bimber\/wp-content\/uploads\/2020\/08\/Querverlag_Bubeck_Baker\u00a9SergioVitale-1122x743.jpg 1122w, https:\/\/alte.mannschaft.lgbt\/bimber\/wp-content\/uploads\/2020\/08\/Querverlag_Bubeck_Baker\u00a9SergioVitale-364x241.jpg 364w, https:\/\/alte.mannschaft.lgbt\/bimber\/wp-content\/uploads\/2020\/08\/Querverlag_Bubeck_Baker\u00a9SergioVitale-728x482.jpg 728w, https:\/\/alte.mannschaft.lgbt\/bimber\/wp-content\/uploads\/2020\/08\/Querverlag_Bubeck_Baker\u00a9SergioVitale-608x403.jpg 608w, https:\/\/alte.mannschaft.lgbt\/bimber\/wp-content\/uploads\/2020\/08\/Querverlag_Bubeck_Baker\u00a9SergioVitale-758x502.jpg 758w, https:\/\/alte.mannschaft.lgbt\/bimber\/wp-content\/uploads\/2020\/08\/Querverlag_Bubeck_Baker\u00a9SergioVitale-1152x763.jpg 1152w, https:\/\/alte.mannschaft.lgbt\/bimber\/wp-content\/uploads\/2020\/08\/Querverlag_Bubeck_Baker\u00a9SergioVitale-72x48.jpg 72w, https:\/\/alte.mannschaft.lgbt\/bimber\/wp-content\/uploads\/2020\/08\/Querverlag_Bubeck_Baker\u00a9SergioVitale-145x96.jpg 145w, https:\/\/alte.mannschaft.lgbt\/bimber\/wp-content\/uploads\/2020\/08\/Querverlag_Bubeck_Baker\u00a9SergioVitale-313x207.jpg 313w, https:\/\/alte.mannschaft.lgbt\/bimber\/wp-content\/uploads\/2020\/08\/Querverlag_Bubeck_Baker\u00a9SergioVitale-400x265.jpg 400w\" data-sizes=\"(max-width: 2560px) 100vw, 2560px\" \/><\/a><figcaption id=\"caption-attachment-88571\" class=\"wp-caption-text\">Ilona Bubeck und Mit-Verleger Jim Baker (Bild: Sergio Vitale)<\/figcaption><\/figure>\n<p>Ein besonderes Highlight und v\u00f6llig \u00fcberraschend f\u00fcr mich war, dass <a href=\"https:\/\/mannschaft.com\/querverlag-unsere-arbeit-ist-in-erster-linie-eine-politische\/\" target=\"_blank\" rel=\"noopener\">wir vom Querverlag<\/a> im November den Berliner Verlagspreis bekommen haben. Das ist eine Anerkennung, die alles andere als selbstverst\u00e4ndlich ist, denn gerade in der Verlagsbranche werden wir immer Aussenseiter sein. Und im Laufe der Monate habe ich mich auch mit online-Lesungen anfreunden k\u00f6nnen, was mir erst sehr schwer gefallen ist.<\/p>\n<p>Aus der Not haben unsere Autorinnen und Autoren und viele Veranstalter und auch Buchhandlungen tolle kreative Ideen entwickelt. Dadurch konnte ich an digitalen Buchvorstellungen teilnehmen und mir die Vortr\u00e4ge aus Sammelb\u00e4nden, wie z.B. aus dem Buch \u00abZugzw\u00e4nge\u00bb anh\u00f6ren und die Diskussionen dazu verfolgen, obwohl das in den St\u00e4dten Leipzig und K\u00f6ln organisiert war. Wir werden sicher einiges an Ver\u00e4nderungen im digitalen Bereich beibehalten und auch in Zukunft Veranstaltungen, die sp\u00e4ter wieder mit Publikum stattfinden k\u00f6nnen gleichzeitig f\u00fcr mehr Publikum online zug\u00e4nglich machen.\u00bb<\/p>\n<blockquote class=\"wp-embedded-content\" data-secret=\"eXDpMVzoq1\"><p><a href=\"https:\/\/mannschaft.com\/ich-fuehle-mich-richtig-befreit-coming-out-2020\/\">\u00abIch f\u00fchle mich richtig befreit\u00bb \u2013 Die Coming-outs 2020<\/a><\/p><\/blockquote>\n<p><iframe class=\"wp-embedded-content\" sandbox=\"allow-scripts\" security=\"restricted\" style=\"position: absolute; clip: rect(1px, 1px, 1px, 1px);\" title=\"&#8222;\u00abIch f\u00fchle mich richtig befreit\u00bb \u2013 Die Coming-outs 2020&#8220; &#8212; Mannschaft Magazin\" src=\"https:\/\/mannschaft.com\/ich-fuehle-mich-richtig-befreit-coming-out-2020\/embed\/#?secret=eXDpMVzoq1\" data-secret=\"eXDpMVzoq1\" width=\"600\" height=\"338\" frameborder=\"0\" marginwidth=\"0\" marginheight=\"0\" scrolling=\"no\"><\/iframe><\/p>\n<p><strong><a href=\"https:\/\/mannschaft.com\/oper-schwule-maenner-nur-ein-klischee\/\" target=\"_blank\" rel=\"noopener\">Peter F\u00e4sslacher<\/a>, ORF-Moderator und MANNSCHAFT-Kolumnist (Wien):<\/strong><br \/>\n\u00abMein Moment 2020 hat 2 Minuten 50 gedauert. Als im April ganz \u00d6sterreich verunsichert und im ersten Lockdown war. F\u00fcr eine TV-Sendung haben wir auf der B\u00fchne der v\u00f6llig leeren Wiener Staatsoper gedreht. Kein Publikum im Saal, keine Mitarbeiter*innen im Haus, ein leerer Schn\u00fcrboden, keine Kulissen auf der B\u00fchne, nichts.<\/p>\n<figure id=\"attachment_100441\" aria-describedby=\"caption-attachment-100441\" style=\"width: 752px\" class=\"wp-caption alignnone\"><a href=\"https:\/\/mannschaft.com\/bimber\/wp-content\/uploads\/2020\/12\/netrebko.jpg\"><img data-expand=\"600\" decoding=\"async\" loading=\"lazy\" class=\"lazyload wp-image-100441 size-full\" src=\"data:image\/svg+xml;charset=utf-8,%3Csvg xmlns%3D'http%3A%2F%2Fwww.w3.org%2F2000%2Fsvg' viewBox%3D'0 0 752 1038'%2F%3E\" data-src=\"https:\/\/mannschaft.com\/bimber\/wp-content\/uploads\/2020\/12\/netrebko.jpg\" alt=\"highlight 2020\" width=\"752\" height=\"1038\" data-srcset=\"https:\/\/alte.mannschaft.lgbt\/bimber\/wp-content\/uploads\/2020\/12\/netrebko.jpg 752w, https:\/\/alte.mannschaft.lgbt\/bimber\/wp-content\/uploads\/2020\/12\/netrebko-217x300.jpg 217w, https:\/\/alte.mannschaft.lgbt\/bimber\/wp-content\/uploads\/2020\/12\/netrebko-425x587.jpg 425w, https:\/\/alte.mannschaft.lgbt\/bimber\/wp-content\/uploads\/2020\/12\/netrebko-561x774.jpg 561w, https:\/\/alte.mannschaft.lgbt\/bimber\/wp-content\/uploads\/2020\/12\/netrebko-364x502.jpg 364w, https:\/\/alte.mannschaft.lgbt\/bimber\/wp-content\/uploads\/2020\/12\/netrebko-728x1005.jpg 728w, https:\/\/alte.mannschaft.lgbt\/bimber\/wp-content\/uploads\/2020\/12\/netrebko-608x839.jpg 608w, https:\/\/alte.mannschaft.lgbt\/bimber\/wp-content\/uploads\/2020\/12\/netrebko-35x48.jpg 35w, https:\/\/alte.mannschaft.lgbt\/bimber\/wp-content\/uploads\/2020\/12\/netrebko-70x96.jpg 70w, https:\/\/alte.mannschaft.lgbt\/bimber\/wp-content\/uploads\/2020\/12\/netrebko-313x432.jpg 313w, https:\/\/alte.mannschaft.lgbt\/bimber\/wp-content\/uploads\/2020\/12\/netrebko-400x552.jpg 400w\" data-sizes=\"(max-width: 752px) 100vw, 752px\" \/><\/a><figcaption id=\"caption-attachment-100441\" class=\"wp-caption-text\">Privatkonzert mit der Netrebko (Foto: Peter F\u00e4sslacher)<\/figcaption><\/figure>\n<p>In dieser surrealen Situation steht Anna Netrebko f\u00fcnf Meter von mir entfernt und singt f\u00fcr unsere Sendung die Arie \u00abUn bel di vedremo\u00bb aus Madame Butterfly. Ein Privatkonzert von einem der gr\u00f6ssten Opernstars der Welt auf der leeren B\u00fchne der Wiener Staatsoper. In dieser angespannten Stille aus Angst vor Corona waren pl\u00f6tzlich diese sch\u00f6nen und sanften T\u00f6ne von Anna Netrebkos Gesang zu h\u00f6ren. Ein unglaublicher und magischer Kontrast.\u00bb<\/p>\n<p><strong>Blumenh\u00e4ndler Mario Burkhard (Bern)<\/strong><br \/>\n\u00abAls der Lockdown im Fr\u00fchjahr eintrat, stand ich an einem grossen Einschnitt in meiner beruflichen Laufbahn. Wie geht es jetzt weiter? \u00dcberstehen wir diese Zeit, ja tausend Gedanken blitzen durch meinen Kopf. Die Antwort lautet JA, wir haben es mit mit einem super Teamgeist und den besten Lieferanten aus Holland geschafft und uns sogar noch erweitert mit einem dritten Gesch\u00e4ft.<br \/>\nDen gemeinsam ist man stark und kann jede Krise im Leben \u00fcberstehen!\u00bb<\/p>\n<figure id=\"attachment_100440\" aria-describedby=\"caption-attachment-100440\" style=\"width: 2316px\" class=\"wp-caption alignnone\"><a href=\"https:\/\/mannschaft.com\/bimber\/wp-content\/uploads\/2020\/12\/mario-burkhard.jpg\"><img data-expand=\"600\" decoding=\"async\" loading=\"lazy\" class=\"lazyload wp-image-100440 size-full\" src=\"data:image\/svg+xml;charset=utf-8,%3Csvg xmlns%3D'http%3A%2F%2Fwww.w3.org%2F2000%2Fsvg' viewBox%3D'0 0 2316 2316'%2F%3E\" data-src=\"https:\/\/mannschaft.com\/bimber\/wp-content\/uploads\/2020\/12\/mario-burkhard.jpg\" alt=\"highlight 2020\" width=\"2316\" height=\"2316\" \/><\/a><figcaption id=\"caption-attachment-100440\" class=\"wp-caption-text\">Mario Burkhard (Foto: zVg)<\/figcaption><\/figure>\n<p><strong>Mayo Velvo, Chansonnnier (D\u00fcsseldorf)<br \/>\n<\/strong>\u00abAuch wenn die \u00abCorona-Krise\u00bb gleich zweimal ins kreative aber auch monet\u00e4re Gesch\u00e4ftsjahr gr\u00e4tschte, erfuhr ich von den unterschiedlichsten Seiten (und vor allem meist unerwartet) Hilfe, Unterst\u00fctzung und Zuspruch, daf\u00fcr ein grosses Dankesch\u00f6n! Trotz der wenigen, wunderbaren Auftritte, die noch machbar waren, ergaben sich parallel ungeahnte Zusammenarbeiten (z.B. mit dem grossartigen Trompeter Bassam Mussad, sowie die Demo-Recording-Sessions mit Mike Mlynar) und neue k\u00fcnstlerische Perspektiven. So versuche ich dann doch, mit dem Jahr 2020 halbwegs in Frieden abzuschliessen.\u00bb<\/p>\n<figure id=\"attachment_100447\" aria-describedby=\"caption-attachment-100447\" style=\"width: 2362px\" class=\"wp-caption alignnone\"><a href=\"https:\/\/mannschaft.com\/bimber\/wp-content\/uploads\/2020\/12\/Mayo-Velvo-by-Perter-Godry-2019.jpg\"><img data-expand=\"600\" decoding=\"async\" loading=\"lazy\" class=\"lazyload wp-image-100447 size-full\" src=\"data:image\/svg+xml;charset=utf-8,%3Csvg xmlns%3D'http%3A%2F%2Fwww.w3.org%2F2000%2Fsvg' viewBox%3D'0 0 2362 3543'%2F%3E\" data-src=\"https:\/\/mannschaft.com\/bimber\/wp-content\/uploads\/2020\/12\/Mayo-Velvo-by-Perter-Godry-2019.jpg\" alt=\"highlight 2020\" width=\"2362\" height=\"3543\" \/><\/a><figcaption id=\"caption-attachment-100447\" class=\"wp-caption-text\">Mayo Velvo (Foto: Peter Godry)<\/figcaption><\/figure>\n<p><strong>Und wie war dein Jahr 2020? <a href=\"https:\/\/mannschaft.com\/rueckblick-2020-wie-ist-deine-bilanz\/\" target=\"_blank\" rel=\"noopener\">Hier geht&#8217;s zur Umfrage der Woche.<\/a><\/strong><\/p>\n","protected":false},"excerpt":{"rendered":"<p>2020 ist fast rum. Alles Corona, oder was? Nein, es gab auch gute Momente.\u00a0Wir haben Mitglieder der #LGBTIQ-Familie gebeten, uns ihre Highlights zu verraten. <a class=\"g1-link g1-link-more\" href=\"https:\/\/alte.mannschaft.lgbt\/bimber\/es-war-nicht-alles-schlecht-oder-mein-highlight-2020\/\">Weiterlesen<\/a><\/p>\n","protected":false},"author":3,"featured_media":100439,"comment_status":"closed","ping_status":"closed","sticky":false,"template":"","format":"standard","meta":[],"categories":[10],"tags":[5467,5501,5523,567,39],"wps_subtitle":"Eine Hochzeit, neue Perspektiven auf Beruf und Beziehung sowie \u2013 ein Privatkonzert von Anna Netrebko","_links":{"self":[{"href":"https:\/\/alte.mannschaft.lgbt\/bimber\/wp-json\/wp\/v2\/posts\/100437"}],"collection":[{"href":"https:\/\/alte.mannschaft.lgbt\/bimber\/wp-json\/wp\/v2\/posts"}],"about":[{"href":"https:\/\/alte.mannschaft.lgbt\/bimber\/wp-json\/wp\/v2\/types\/post"}],"author":[{"embeddable":true,"href":"https:\/\/alte.mannschaft.lgbt\/bimber\/wp-json\/wp\/v2\/users\/3"}],"replies":[{"embeddable":true,"href":"https:\/\/alte.mannschaft.lgbt\/bimber\/wp-json\/wp\/v2\/comments?post=100437"}],"version-history":[{"count":0,"href":"https:\/\/alte.mannschaft.lgbt\/bimber\/wp-json\/wp\/v2\/posts\/100437\/revisions"}],"wp:featuredmedia":[{"embeddable":true,"href":"https:\/\/alte.mannschaft.lgbt\/bimber\/wp-json\/wp\/v2\/media\/100439"}],"wp:attachment":[{"href":"https:\/\/alte.mannschaft.lgbt\/bimber\/wp-json\/wp\/v2\/media?parent=100437"}],"wp:term":[{"taxonomy":"category","embeddable":true,"href":"https:\/\/alte.mannschaft.lgbt\/bimber\/wp-json\/wp\/v2\/categories?post=100437"},{"taxonomy":"post_tag","embeddable":true,"href":"https:\/\/alte.mannschaft.lgbt\/bimber\/wp-json\/wp\/v2\/tags?post=100437"}],"curies":[{"name":"wp","href":"https:\/\/api.w.org\/{rel}","templated":true}]}}